{"id":73225,"date":"2026-04-16T08:57:12","date_gmt":"2026-04-16T06:57:12","guid":{"rendered":"https:\/\/novalliance.net\/espace-prive\/?p=73225"},"modified":"2026-04-16T08:57:19","modified_gmt":"2026-04-16T06:57:19","slug":"retour-de-mission-chez-agritropic","status":"publish","type":"post","link":"https:\/\/novalliance.net\/espace-prive\/2026\/04\/16\/retour-de-mission-chez-agritropic\/","title":{"rendered":"Retour de mission chez Agritropic"},"content":{"rendered":"\n<figure class=\"wp-block-image size-large is-resized\"><img loading=\"lazy\" decoding=\"async\" width=\"1024\" height=\"317\" src=\"https:\/\/novalliance.net\/espace-prive\/wp-content\/uploads\/sites\/5\/2021\/07\/logo-agritropic-2016-1024x317.jpg\" alt=\"\" class=\"wp-image-30977\" style=\"aspect-ratio:3.2303551837791225;width:173px;height:auto\" srcset=\"https:\/\/novalliance.net\/espace-prive\/wp-content\/uploads\/sites\/5\/2021\/07\/logo-agritropic-2016-1024x317.jpg 1024w, https:\/\/novalliance.net\/espace-prive\/wp-content\/uploads\/sites\/5\/2021\/07\/logo-agritropic-2016-300x93.jpg 300w, https:\/\/novalliance.net\/espace-prive\/wp-content\/uploads\/sites\/5\/2021\/07\/logo-agritropic-2016-768x237.jpg 768w, https:\/\/novalliance.net\/espace-prive\/wp-content\/uploads\/sites\/5\/2021\/07\/logo-agritropic-2016-1536x475.jpg 1536w, https:\/\/novalliance.net\/espace-prive\/wp-content\/uploads\/sites\/5\/2021\/07\/logo-agritropic-2016-2048x633.jpg 2048w, https:\/\/novalliance.net\/espace-prive\/wp-content\/uploads\/sites\/5\/2021\/07\/logo-agritropic-2016-170x53.jpg 170w, https:\/\/novalliance.net\/espace-prive\/wp-content\/uploads\/sites\/5\/2021\/07\/logo-agritropic-2016-1320x408.jpg 1320w\" sizes=\"auto, (max-width: 1024px) 100vw, 1024px\" \/><\/figure>\n\n\n\n<p><strong><mark style=\"background-color:rgba(0, 0, 0, 0)\" class=\"has-inline-color has-vivid-cyan-blue-color\">Contexte de la mission<\/mark><\/strong><br>Dans le cadre du d\u00e9veloppement et de l\u2019harmonisation des pratiques comptables au sein du Groupe, une mission a \u00e9t\u00e9 r\u00e9alis\u00e9e au Nig\u00e9ria. Cette mission rev\u00eat d\u2019une importance particuli\u00e8re car il s\u2019agit de <strong>ma premi\u00e8re mission en tant que Responsable Administratif et Financier R\u00e9gional (RAF-R).<\/strong><\/p>\n\n\n\n<p>Une attention particuli\u00e8re a \u00e9t\u00e9 port\u00e9e \u00e0 la familiarisation avec l\u2019\u00e9quipe locale. Cette \u00e9tape a \u00e9t\u00e9 essentielle pour instaurer une relation de confiance, clarifier les responsabilit\u00e9s et faciliter la communication entre les diff\u00e9rents acteurs.<br><style>@font-face&amp;amp;amp;amp;amp;amp;amp;amp;amp;amp;amp;lt;br>\t{font-family:\"Cambria Math\";&amp;amp;amp;amp;amp;amp;amp;amp;amp;amp;amp;lt;br>\tpanose-1:2 4 5 3 5 4 6 3 2 4;&amp;amp;amp;amp;amp;amp;amp;amp;amp;amp;amp;lt;br>\tmso-font-charset:0;&amp;amp;amp;amp;amp;amp;amp;amp;amp;amp;amp;lt;br>\tmso-generic-font-family:roman;&amp;amp;amp;amp;amp;amp;amp;amp;amp;amp;amp;lt;br>\tmso-font-pitch:variable;&amp;amp;amp;amp;amp;amp;amp;amp;amp;amp;amp;lt;br>\tmso-font-signature:-536870145 1107305727 0 0 415 0;}p.MsoNormal, li.MsoNormal, div.MsoNormal&amp;amp;amp;amp;amp;amp;amp;amp;amp;amp;amp;lt;br>\t{mso-style-unhide:no;&amp;amp;amp;amp;amp;amp;amp;amp;amp;amp;amp;lt;br>\tmso-style-qformat:yes;&amp;amp;amp;amp;amp;amp;amp;amp;amp;amp;amp;lt;br>\tmso-style-parent:\"\";&amp;amp;amp;amp;amp;amp;amp;amp;amp;amp;amp;lt;br>\tmargin:0cm;&amp;amp;amp;amp;amp;amp;amp;amp;amp;amp;amp;lt;br>\tmso-pagination:widow-orphan;&amp;amp;amp;amp;amp;amp;amp;amp;amp;amp;amp;lt;br>\tfont-size:12.0pt;&amp;amp;amp;amp;amp;amp;amp;amp;amp;amp;amp;lt;br>\tfont-family:\"Times New Roman\",serif;&amp;amp;amp;amp;amp;amp;amp;amp;amp;amp;amp;lt;br>\tmso-fareast-font-family:\"Times New Roman\";}.MsoChpDefault&amp;amp;amp;amp;amp;amp;amp;amp;amp;amp;amp;lt;br>\t{mso-style-type:export-only;&amp;amp;amp;amp;amp;amp;amp;amp;amp;amp;amp;lt;br>\tmso-default-props:yes;&amp;amp;amp;amp;amp;amp;amp;amp;amp;amp;amp;lt;br>\tfont-family:\"Calibri\",sans-serif;&amp;amp;amp;amp;amp;amp;amp;amp;amp;amp;amp;lt;br>\tmso-ascii-font-family:Calibri;&amp;amp;amp;amp;amp;amp;amp;amp;amp;amp;amp;lt;br>\tmso-ascii-theme-font:minor-latin;&amp;amp;amp;amp;amp;amp;amp;amp;amp;amp;amp;lt;br>\tmso-fareast-font-family:Calibri;&amp;amp;amp;amp;amp;amp;amp;amp;amp;amp;amp;lt;br>\tmso-fareast-theme-font:minor-latin;&amp;amp;amp;amp;amp;amp;amp;amp;amp;amp;amp;lt;br>\tmso-hansi-font-family:Calibri;&amp;amp;amp;amp;amp;amp;amp;amp;amp;amp;amp;lt;br>\tmso-hansi-theme-font:minor-latin;&amp;amp;amp;amp;amp;amp;amp;amp;amp;amp;amp;lt;br>\tmso-bidi-font-family:\"Times New Roman\";&amp;amp;amp;amp;amp;amp;amp;amp;amp;amp;amp;lt;br>\tmso-bidi-theme-font:minor-bidi;&amp;amp;amp;amp;amp;amp;amp;amp;amp;amp;amp;lt;br>\tmso-font-kerning:0pt;&amp;amp;amp;amp;amp;amp;amp;amp;amp;amp;amp;lt;br>\tmso-ligatures:none;&amp;amp;amp;amp;amp;amp;amp;amp;amp;amp;amp;lt;br>\tmso-fareast-language:EN-US;}div.WordSection1&amp;amp;amp;amp;amp;amp;amp;amp;amp;amp;amp;lt;br>\t{page:W<\/style><\/p>\n\n\n\n<p><strong><mark style=\"background-color:rgba(0, 0, 0, 0)\" class=\"has-inline-color has-vivid-cyan-blue-color\">Objectifs de la Mission\u00a0\u00a0\u00a0\u00a0<\/mark>\u00a0\u00a0\u00a0\u00a0\u00a0\u00a0\u00a0\u00a0\u00a0\u00a0\u00a0\u00a0\u00a0\u00a0\u00a0\u00a0\u00a0\u00a0\u00a0\u00a0\u00a0\u00a0\u00a0\u00a0\u00a0\u00a0\u00a0\u00a0\u00a0\u00a0\u00a0\u00a0\u00a0\u00a0\u00a0\u00a0\u00a0\u00a0\u00a0\u00a0\u00a0\u00a0\u00a0\u00a0\u00a0\u00a0\u00a0\u00a0\u00a0\u00a0\u00a0\u00a0\u00a0\u00a0\u00a0\u00a0\u00a0\u00a0\u00a0\u00a0\u00a0\u00a0\u00a0\u00a0\u00a0\u00a0\u00a0\u00a0\u00a0\u00a0\u00a0\u00a0\u00a0\u00a0\u00a0\u00a0\u00a0\u00a0\u00a0\u00a0\u00a0\u00a0\u00a0\u00a0\u00a0\u00a0\u00a0\u00a0\u00a0\u00a0\u00a0\u00a0\u00a0\u00a0\u00a0\u00a0<\/strong><\/p>\n\n\n\n<ul class=\"wp-block-list\">\n<li><strong>Sensibilisation<\/strong> des \u00e9quipes sur le nouveau r\u00f4le de RAF-R<\/li>\n\n\n\n<li><strong>Formation <\/strong>des \u00e9quipes comptables locales sur les nouvelles nomenclatures et r\u00e8gles d\u2019imputation.<\/li>\n\n\n\n<li><strong>\u00c9changes, pr\u00e9sentation et explication les objectifs strat\u00e9giques <\/strong>ainsi que les nouvelles orientations comptables et financi\u00e8res, li\u00e9s \u00e0 ce poste.<\/li>\n\n\n\n<li><strong>Cl\u00f4ture de l\u2019exercice 2025<\/strong> : finaliser les \u00e9critures comptables, v\u00e9rifier la coh\u00e9rence des comptes<\/li>\n\n\n\n<li><strong>Mise en place du plan comptable Groupe<\/strong> : adapter et d\u00e9ployer un plan comptable harmonis\u00e9 conforme aux normes du Groupe, facilitant la consolidation et la comparaison des donn\u00e9es financi\u00e8res.<\/li>\n\n\n\n<li><strong>Ouverture de l\u2019exercice 2026<\/strong> : g\u00e9n\u00e9rer les reports \u00e0 nouveau issus de la cl\u00f4ture de l\u2019exercice 2025 avec le nouveau plan de compte Groupe et s\u2019assurer de la conformit\u00e9.<\/li>\n\n\n\n<li><strong>Mise \u00e0 jour <\/strong>: suivi des recommandations issues des derni\u00e8res missions d\u2019audit.<\/li>\n<\/ul>\n\n\n\n<figure class=\"wp-block-image size-large is-resized\"><img loading=\"lazy\" decoding=\"async\" width=\"768\" height=\"1024\" src=\"https:\/\/novalliance.net\/espace-prive\/wp-content\/uploads\/sites\/5\/2026\/04\/img_3863-1-768x1024.jpeg\" alt=\"\" class=\"wp-image-73236\" style=\"aspect-ratio:0.749999976548993;width:345px;height:auto\" srcset=\"https:\/\/novalliance.net\/espace-prive\/wp-content\/uploads\/sites\/5\/2026\/04\/img_3863-1-768x1024.jpeg 768w, https:\/\/novalliance.net\/espace-prive\/wp-content\/uploads\/sites\/5\/2026\/04\/img_3863-1-225x300.jpeg 225w, https:\/\/novalliance.net\/espace-prive\/wp-content\/uploads\/sites\/5\/2026\/04\/img_3863-1-1152x1536.jpeg 1152w, https:\/\/novalliance.net\/espace-prive\/wp-content\/uploads\/sites\/5\/2026\/04\/img_3863-1-1536x2048.jpeg 1536w, https:\/\/novalliance.net\/espace-prive\/wp-content\/uploads\/sites\/5\/2026\/04\/img_3863-1-128x170.jpeg 128w, https:\/\/novalliance.net\/espace-prive\/wp-content\/uploads\/sites\/5\/2026\/04\/img_3863-1-1320x1760.jpeg 1320w, https:\/\/novalliance.net\/espace-prive\/wp-content\/uploads\/sites\/5\/2026\/04\/img_3863-1-scaled.jpeg 1920w\" sizes=\"auto, (max-width: 768px) 100vw, 768px\" \/><\/figure>\n\n\n\n<p><mark style=\"background-color:rgba(0, 0, 0, 0)\" class=\"has-inline-color has-vivid-cyan-blue-color\"><strong>R\u00e9sultats attendus<\/strong> <\/mark><\/p>\n\n\n\n<ul class=\"wp-block-list\">\n<li><strong>Harmonisation r\u00e9ussie<\/strong> du plan comptable avec une meilleure lisibilit\u00e9 et comparabilit\u00e9 des comptes au niveau Groupe.<\/li>\n\n\n\n<li><strong>Cl\u00f4ture de l\u2019exercice 2025 conforme<\/strong> aux exigences comptables et r\u00e9glementaires, avec une tra\u00e7abilit\u00e9 compl\u00e8te des ajustements.<\/li>\n\n\n\n<li><strong>Ouverture de l\u2019exercice 2026 op\u00e9rationnelle<\/strong>, facilitant le suivi et le contr\u00f4le des op\u00e9rations futures.<\/li>\n<\/ul>\n\n\n\n<p><mark style=\"background-color:rgba(0, 0, 0, 0)\" class=\"has-inline-color has-vivid-cyan-blue-color\"><strong>Recommandation<\/strong>s\u00a0<\/mark><\/p>\n\n\n\n<ul class=\"wp-block-list\">\n<li>Poursuivre la formation continue des \u00e9quipes locales pour assurer la ma\u00eetrise du nouveau plan comptable.<\/li>\n\n\n\n<li>Pr\u00e9conisation d\u2019un audit p\u00e9riodique pour v\u00e9rifier la bonne application des nouvelles proc\u00e9dures et anticiper les \u00e9ventuelles difficult\u00e9s.<\/li>\n<\/ul>\n\n\n\n<p><strong>En conclusion<\/strong>, cette mission, ma premi\u00e8re en tant que Responsable Administratif et Financier R\u00e9gional, a permis, d\u2019une part, de poser les bases d\u2019une comptabilit\u00e9 Groupe solide et coh\u00e9rente au Nig\u00e9ria, en assurant une transition fluide entre les exercices 2025 et 2026. La mise en place du nouveau plan comptable Groupe constitue un levier important pour la fiabilit\u00e9 des informations financi\u00e8res et la qualit\u00e9 du reporting consolid\u00e9 et, d\u2019autre part, de renforcer la coh\u00e9sion, d\u2019optimiser la collaboration et d\u2019assurer une meilleure appropriation des changements induits par cette nouveaut\u00e9.<\/p>\n\n\n\n<figure class=\"wp-block-image size-large\"><img loading=\"lazy\" decoding=\"async\" width=\"1024\" height=\"702\" src=\"https:\/\/novalliance.net\/espace-prive\/wp-content\/uploads\/sites\/5\/2026\/04\/img_3880-1024x702.jpeg\" alt=\"\" class=\"wp-image-73226\" srcset=\"https:\/\/novalliance.net\/espace-prive\/wp-content\/uploads\/sites\/5\/2026\/04\/img_3880-1024x702.jpeg 1024w, https:\/\/novalliance.net\/espace-prive\/wp-content\/uploads\/sites\/5\/2026\/04\/img_3880-300x206.jpeg 300w, https:\/\/novalliance.net\/espace-prive\/wp-content\/uploads\/sites\/5\/2026\/04\/img_3880-768x526.jpeg 768w, https:\/\/novalliance.net\/espace-prive\/wp-content\/uploads\/sites\/5\/2026\/04\/img_3880-1536x1053.jpeg 1536w, https:\/\/novalliance.net\/espace-prive\/wp-content\/uploads\/sites\/5\/2026\/04\/img_3880-2048x1404.jpeg 2048w, https:\/\/novalliance.net\/espace-prive\/wp-content\/uploads\/sites\/5\/2026\/04\/img_3880-170x117.jpeg 170w, https:\/\/novalliance.net\/espace-prive\/wp-content\/uploads\/sites\/5\/2026\/04\/img_3880-964x660.jpeg 964w, https:\/\/novalliance.net\/espace-prive\/wp-content\/uploads\/sites\/5\/2026\/04\/img_3880-1320x905.jpeg 1320w\" sizes=\"auto, (max-width: 1024px) 100vw, 1024px\" \/><\/figure>\n\n\n\n<p>R\u00e9dig\u00e9 par Cheikh BA, Responsable Administratif et Financier R\u00e9gional, Agrivision S\u00e9n\u00e9gal, STEPS 7<\/p>\n\n\n\n<p><\/p>\n","protected":false},"excerpt":{"rendered":"<p>Contexte de la missionDans le cadre du d\u00e9veloppement et de l\u2019harmonisation des pratiques comptables au sein du Groupe, une mission a \u00e9t\u00e9 r\u00e9alis\u00e9e au Nig\u00e9ria. Cette mission rev\u00eat d\u2019une importance particuli\u00e8re car il s\u2019agit de ma premi\u00e8re mission en tant que Responsable Administratif et Financier R\u00e9gional (RAF-R). Une attention particuli\u00e8re a \u00e9t\u00e9 port\u00e9e \u00e0 la [&hellip;]<\/p>\n","protected":false},"author":1626,"featured_media":73231,"comment_status":"open","ping_status":"open","sticky":false,"template":"","format":"standard","meta":{"_acf_changed":false,"footnotes":""},"categories":[8],"tags":[],"class_list":["post-73225","post","type-post","status-publish","format-standard","has-post-thumbnail","hentry","category-retours-de-mission"],"acf":[],"_links":{"self":[{"href":"https:\/\/novalliance.net\/espace-prive\/wp-json\/wp\/v2\/posts\/73225","targetHints":{"allow":["GET"]}}],"collection":[{"href":"https:\/\/novalliance.net\/espace-prive\/wp-json\/wp\/v2\/posts"}],"about":[{"href":"https:\/\/novalliance.net\/espace-prive\/wp-json\/wp\/v2\/types\/post"}],"author":[{"embeddable":true,"href":"https:\/\/novalliance.net\/espace-prive\/wp-json\/wp\/v2\/users\/1626"}],"replies":[{"embeddable":true,"href":"https:\/\/novalliance.net\/espace-prive\/wp-json\/wp\/v2\/comments?post=73225"}],"version-history":[{"count":8,"href":"https:\/\/novalliance.net\/espace-prive\/wp-json\/wp\/v2\/posts\/73225\/revisions"}],"predecessor-version":[{"id":73427,"href":"https:\/\/novalliance.net\/espace-prive\/wp-json\/wp\/v2\/posts\/73225\/revisions\/73427"}],"wp:featuredmedia":[{"embeddable":true,"href":"https:\/\/novalliance.net\/espace-prive\/wp-json\/wp\/v2\/media\/73231"}],"wp:attachment":[{"href":"https:\/\/novalliance.net\/espace-prive\/wp-json\/wp\/v2\/media?parent=73225"}],"wp:term":[{"taxonomy":"category","embeddable":true,"href":"https:\/\/novalliance.net\/espace-prive\/wp-json\/wp\/v2\/categories?post=73225"},{"taxonomy":"post_tag","embeddable":true,"href":"https:\/\/novalliance.net\/espace-prive\/wp-json\/wp\/v2\/tags?post=73225"}],"curies":[{"name":"wp","href":"https:\/\/api.w.org\/{rel}","templated":true}]}}